{"id":1197,"date":"2017-02-04T19:24:09","date_gmt":"2017-02-05T01:24:09","guid":{"rendered":"https:\/\/lenguajeyconocimiento.wordpress.com\/?p=1197"},"modified":"2017-02-04T19:24:09","modified_gmt":"2017-02-05T01:24:09","slug":"el-circulo-de-viena-como-antecedente-de-la-naturalizacion-de-la-epistemologia","status":"publish","type":"post","link":"https:\/\/maytemunoz.net\/?p=1197","title":{"rendered":"El C\u00edrculo de Viena como antecedente de la naturalizaci\u00f3n de la epistemolog\u00eda"},"content":{"rendered":"<p>Texto complementario para la primer unidad.<\/p>\n<ul>\n<li><a title=\"el-circulo-de-viena-como-antecedente-de-la-naturalizacion-de-la-epistemologia\" href=\"https:\/\/lenguajeyconocimiento.files.wordpress.com\/2017\/02\/el-cc3adrculo-de-viena-como-antecedente-de-la-naturalizacic3b3n-de-la-epistemologc3ada.pdf\">El circulo de Viena como antecedente de la naturalizaci\u00f3n de la epistemolog\u00eda<\/a>, por\u00a0Yevi Oceguera<\/li>\n<\/ul>\n","protected":false},"excerpt":{"rendered":"<p>Texto complementario para la primer unidad. El circulo de Viena como antecedente de la naturalizaci\u00f3n de la epistemolog\u00eda, por\u00a0Yevi Oceguera<\/p>\n","protected":false},"author":2,"featured_media":0,"comment_status":"closed","ping_status":"open","sticky":false,"template":"","format":"standard","meta":[],"categories":[3,10],"tags":[],"_links":{"self":[{"href":"https:\/\/maytemunoz.net\/index.php?rest_route=\/wp\/v2\/posts\/1197"}],"collection":[{"href":"https:\/\/maytemunoz.net\/index.php?rest_route=\/wp\/v2\/posts"}],"about":[{"href":"https:\/\/maytemunoz.net\/index.php?rest_route=\/wp\/v2\/types\/post"}],"author":[{"embeddable":true,"href":"https:\/\/maytemunoz.net\/index.php?rest_route=\/wp\/v2\/users\/2"}],"replies":[{"embeddable":true,"href":"https:\/\/maytemunoz.net\/index.php?rest_route=%2Fwp%2Fv2%2Fcomments&post=1197"}],"version-history":[{"count":0,"href":"https:\/\/maytemunoz.net\/index.php?rest_route=\/wp\/v2\/posts\/1197\/revisions"}],"wp:attachment":[{"href":"https:\/\/maytemunoz.net\/index.php?rest_route=%2Fwp%2Fv2%2Fmedia&parent=1197"}],"wp:term":[{"taxonomy":"category","embeddable":true,"href":"https:\/\/maytemunoz.net\/index.php?rest_route=%2Fwp%2Fv2%2Fcategories&post=1197"},{"taxonomy":"post_tag","embeddable":true,"href":"https:\/\/maytemunoz.net\/index.php?rest_route=%2Fwp%2Fv2%2Ftags&post=1197"}],"curies":[{"name":"wp","href":"https:\/\/api.w.org\/{rel}","templated":true}]}}