{"id":3685,"date":"2023-06-04T10:32:41","date_gmt":"2023-06-04T16:32:41","guid":{"rendered":"https:\/\/maytemunoz.net\/?p=3685"},"modified":"2023-06-04T13:41:14","modified_gmt":"2023-06-04T19:41:14","slug":"diplomado-etica-inclusion-diversidad-y-paz","status":"publish","type":"post","link":"https:\/\/maytemunoz.net\/?p=3685","title":{"rendered":"Diplomado \u00e9tica, inclusi\u00f3n, diversidad, y paz"},"content":{"rendered":"<div><\/div>\n<div><img decoding=\"async\" loading=\"lazy\" class=\"alignnone  wp-image-3689\" src=\"http:\/\/maytemunoz.net\/wp-content\/uploads\/2023\/06\/Captura-de-Pantalla-2023-06-04-a-las-10.41.29-300x175.png\" alt=\"\" width=\"452\" height=\"264\" srcset=\"https:\/\/maytemunoz.net\/wp-content\/uploads\/2023\/06\/Captura-de-Pantalla-2023-06-04-a-las-10.41.29-300x175.png 300w, https:\/\/maytemunoz.net\/wp-content\/uploads\/2023\/06\/Captura-de-Pantalla-2023-06-04-a-las-10.41.29-768x447.png 768w, https:\/\/maytemunoz.net\/wp-content\/uploads\/2023\/06\/Captura-de-Pantalla-2023-06-04-a-las-10.41.29.png 914w\" sizes=\"(max-width: 452px) 100vw, 452px\" \/><\/div>\n<div class=\"x78zum5 xdt5ytf x11tup63 x16z1lm9\">\n<div><\/div>\n<div class=\"xwoyzhm x1rhet7l\"><a href=\"https:\/\/www.facebook.com\/watch\/live\/?ref=watch_permalink&amp;v=942459320293259\"><span class=\"x193iq5w xeuugli x13faqbe x1vvkbs xlh3980 xvmahel x1n0sxbx x1lliihq x1s928wv xhkezso x1gmr53x x1cpjm7i x1fgarty x1943h6x xudqn12 x41vudc x1603h9y x1u7k74 xo1l8bm x14ctfv x1yc453h\" dir=\"auto\"><span class=\"x1lliihq x6ikm8r x10wlt62 x1n2onr6 xlyipyv xuxw1ft\">Diplomado \u00e9tica, inclusi\u00f3n, diversidad, y paz<\/span><\/span><\/a><\/div>\n<div><a class=\"x1i10hfl xjbqb8w x6umtig x1b1mbwd xaqea5y xav7gou x9f619 x1ypdohk xt0psk2 xe8uvvx xdj266r x11i5rnm xat24cr x1mh8g0r xexx8yu x4uap5 x18d9i69 xkhd6sd x16tdsg8 x1hl2dhg xggy1nq x1a2a7pz x1heor9g xt0b8zv\" tabindex=\"0\" role=\"link\" href=\"https:\/\/www.facebook.com\/watch\/100064708175593\/?__tn__=F\">Seminario de \u00c9tica y Filosof\u00eda Pol\u00edtica UNAM<\/a><\/div>\n<\/div>\n","protected":false},"excerpt":{"rendered":"<p>Diplomado \u00e9tica, inclusi\u00f3n, diversidad, y paz Seminario de \u00c9tica y Filosof\u00eda Pol\u00edtica UNAM<\/p>\n","protected":false},"author":5,"featured_media":0,"comment_status":"open","ping_status":"open","sticky":false,"template":"","format":"standard","meta":[],"categories":[12],"tags":[],"_links":{"self":[{"href":"https:\/\/maytemunoz.net\/index.php?rest_route=\/wp\/v2\/posts\/3685"}],"collection":[{"href":"https:\/\/maytemunoz.net\/index.php?rest_route=\/wp\/v2\/posts"}],"about":[{"href":"https:\/\/maytemunoz.net\/index.php?rest_route=\/wp\/v2\/types\/post"}],"author":[{"embeddable":true,"href":"https:\/\/maytemunoz.net\/index.php?rest_route=\/wp\/v2\/users\/5"}],"replies":[{"embeddable":true,"href":"https:\/\/maytemunoz.net\/index.php?rest_route=%2Fwp%2Fv2%2Fcomments&post=3685"}],"version-history":[{"count":4,"href":"https:\/\/maytemunoz.net\/index.php?rest_route=\/wp\/v2\/posts\/3685\/revisions"}],"predecessor-version":[{"id":3691,"href":"https:\/\/maytemunoz.net\/index.php?rest_route=\/wp\/v2\/posts\/3685\/revisions\/3691"}],"wp:attachment":[{"href":"https:\/\/maytemunoz.net\/index.php?rest_route=%2Fwp%2Fv2%2Fmedia&parent=3685"}],"wp:term":[{"taxonomy":"category","embeddable":true,"href":"https:\/\/maytemunoz.net\/index.php?rest_route=%2Fwp%2Fv2%2Fcategories&post=3685"},{"taxonomy":"post_tag","embeddable":true,"href":"https:\/\/maytemunoz.net\/index.php?rest_route=%2Fwp%2Fv2%2Ftags&post=3685"}],"curies":[{"name":"wp","href":"https:\/\/api.w.org\/{rel}","templated":true}]}}