{"id":472,"date":"2014-06-03T18:50:00","date_gmt":"2014-06-03T23:50:00","guid":{"rendered":"http:\/\/lenguajeyconocimiento.wordpress.com\/?p=472"},"modified":"2014-06-03T18:50:00","modified_gmt":"2014-06-03T23:50:00","slug":"critica-de-la-razon-pura","status":"publish","type":"post","link":"https:\/\/maytemunoz.net\/?p=472","title":{"rendered":"Cr\u00edtica de la raz\u00f3n pura"},"content":{"rendered":"<p>En esta entrada pueden encontrar la <em>Cr\u00edtica de la raz\u00f3n pura<\/em> de Immanuel Kant, de la cual hay que leer principal mente la I<strong>ntroducci\u00f3n<\/strong>, adem\u00e1s se recomienda revisar la <strong>Est\u00e9tica trascendental<\/strong>.<\/p>\n<ul>\n<li><a href=\"http:\/\/lenguajeyconocimiento.files.wordpress.com\/2013\/09\/emmanuel-kant-critica-de-la-razon-pura-kritik-der-reinen-vernunft-1781-1787.pdf\">Emmanuel Kant Critica de la Razon Pura<\/a><\/li>\n<\/ul>\n<p>Adem\u00e1s les dejo algunos materiales de apoyo para para contextualizar su lectura<\/p>\n<ul>\n<li><a href=\"http:\/\/lenguajeyconocimiento.files.wordpress.com\/2011\/09\/cuadro-cronolc3b3gico-de-kant.pdf\">Cuadro Cronol\u00f3gico de Kant<\/a><\/li>\n<li><a href=\"http:\/\/lenguajeyconocimiento.files.wordpress.com\/2011\/09\/cuadro-cronolc3b3gico-de-kant.pdf\">Diapositiva <\/a><a href=\"http:\/\/lenguajeyconocimiento.files.wordpress.com\/2011\/09\/crc3adtica-de-la-razc3b3n-pura.pptx\">Cr\u00edtica de la Raz\u00f3n Pura<\/a><\/li>\n<li><a href=\"https:\/\/lenguajeyconocimiento.files.wordpress.com\/2015\/09\/clase-kant.pptx\">Exposici\u00f3n CRP<\/a>, por Emilio D\u00edas<\/li>\n<li><a href=\"https:\/\/lenguajeyconocimiento.files.wordpress.com\/2014\/06\/logica-y-deduccic3b3n-kant.pptx\">L\u00f3gica y deducci\u00f3n en Kant<\/a>\u00a0(presentaci\u00f3n)<\/li>\n<\/ul>\n","protected":false},"excerpt":{"rendered":"<p>En esta entrada pueden encontrar la Cr\u00edtica de la raz\u00f3n pura de Immanuel Kant, de la cual hay que leer principal mente la Introducci\u00f3n, adem\u00e1s se recomienda revisar la Est\u00e9tica trascendental. Emmanuel Kant Critica de la Razon Pura Adem\u00e1s les dejo algunos materiales de apoyo para para contextualizar su lectura Cuadro Cronol\u00f3gico de Kant Diapositiva &hellip; <\/p>\n<p class=\"link-more\"><a href=\"https:\/\/maytemunoz.net\/?p=472\" class=\"more-link\">Continuar leyendo<span class=\"screen-reader-text\"> \u00abCr\u00edtica de la raz\u00f3n pura\u00bb<\/span><\/a><\/p>\n","protected":false},"author":2,"featured_media":0,"comment_status":"open","ping_status":"open","sticky":false,"template":"","format":"standard","meta":[],"categories":[9],"tags":[],"_links":{"self":[{"href":"https:\/\/maytemunoz.net\/index.php?rest_route=\/wp\/v2\/posts\/472"}],"collection":[{"href":"https:\/\/maytemunoz.net\/index.php?rest_route=\/wp\/v2\/posts"}],"about":[{"href":"https:\/\/maytemunoz.net\/index.php?rest_route=\/wp\/v2\/types\/post"}],"author":[{"embeddable":true,"href":"https:\/\/maytemunoz.net\/index.php?rest_route=\/wp\/v2\/users\/2"}],"replies":[{"embeddable":true,"href":"https:\/\/maytemunoz.net\/index.php?rest_route=%2Fwp%2Fv2%2Fcomments&post=472"}],"version-history":[{"count":0,"href":"https:\/\/maytemunoz.net\/index.php?rest_route=\/wp\/v2\/posts\/472\/revisions"}],"wp:attachment":[{"href":"https:\/\/maytemunoz.net\/index.php?rest_route=%2Fwp%2Fv2%2Fmedia&parent=472"}],"wp:term":[{"taxonomy":"category","embeddable":true,"href":"https:\/\/maytemunoz.net\/index.php?rest_route=%2Fwp%2Fv2%2Fcategories&post=472"},{"taxonomy":"post_tag","embeddable":true,"href":"https:\/\/maytemunoz.net\/index.php?rest_route=%2Fwp%2Fv2%2Ftags&post=472"}],"curies":[{"name":"wp","href":"https:\/\/api.w.org\/{rel}","templated":true}]}}