{"id":746,"date":"2015-09-16T16:30:00","date_gmt":"2015-09-16T21:30:00","guid":{"rendered":"http:\/\/lenguajeyconocimiento.wordpress.com\/?p=242"},"modified":"2015-09-16T16:30:00","modified_gmt":"2015-09-16T21:30:00","slug":"material-de-apoyo-metodologico","status":"publish","type":"post","link":"https:\/\/maytemunoz.net\/?p=746","title":{"rendered":"Material de apoyo metodol\u00f3gico"},"content":{"rendered":"<p>En esta entrada est\u00e1n publicados todos los materiales que les puedan servir como un apoyo metodol\u00f3gico a la hora de pensar y estructurar sus trabajos:<\/p>\n<ul>\n<li><a href=\"http:\/\/lenguajeyconocimiento.files.wordpress.com\/2012\/02\/problematizacic3b3n-a-partir-de-preguntas.docx\">Problematizaci\u00f3n a partir de preguntas<\/a><\/li>\n<li><a href=\"http:\/\/lenguajeyconocimiento.files.wordpress.com\/2012\/02\/pasos-para-realizar-un-comentario-de-texto-filosc3b3fico.pdf\">Pasos para realizar un comentario de texto filos\u00f3fico<\/a><\/li>\n<li><a href=\"http:\/\/lenguajeyconocimiento.files.wordpress.com\/2012\/02\/la-lectura-y-la-escritura-en-filosofc3ada.pdf\">La lectura y la escritura en Filosof\u00eda<\/a><\/li>\n<\/ul>\n<p><a href=\"http:\/\/lenguajeyconocimiento.files.wordpress.com\/2012\/02\/metodologc3adageneral.jpg\"><img decoding=\"async\" loading=\"lazy\" class=\"aligncenter size-full wp-image-249\" title=\"Metodolog\u00edaGeneral\" src=\"http:\/\/lenguajeyconocimiento.files.wordpress.com\/2012\/02\/metodologc3adageneral.jpg\" alt=\"\" width=\"360\" height=\"238\" srcset=\"https:\/\/maytemunoz.net\/wp-content\/uploads\/2012\/02\/metodologc3adageneral.jpg 360w, https:\/\/maytemunoz.net\/wp-content\/uploads\/2012\/02\/metodologc3adageneral-300x198.jpg 300w\" sizes=\"(max-width: 360px) 100vw, 360px\" \/><\/a><\/p>\n","protected":false},"excerpt":{"rendered":"<p>En esta entrada est\u00e1n publicados todos los materiales que les puedan servir como un apoyo metodol\u00f3gico a la hora de pensar y estructurar sus trabajos: Problematizaci\u00f3n a partir de preguntas Pasos para realizar un comentario de texto filos\u00f3fico La lectura y la escritura en Filosof\u00eda<\/p>\n","protected":false},"author":2,"featured_media":0,"comment_status":"open","ping_status":"open","sticky":false,"template":"","format":"standard","meta":[],"categories":[3],"tags":[],"_links":{"self":[{"href":"https:\/\/maytemunoz.net\/index.php?rest_route=\/wp\/v2\/posts\/746"}],"collection":[{"href":"https:\/\/maytemunoz.net\/index.php?rest_route=\/wp\/v2\/posts"}],"about":[{"href":"https:\/\/maytemunoz.net\/index.php?rest_route=\/wp\/v2\/types\/post"}],"author":[{"embeddable":true,"href":"https:\/\/maytemunoz.net\/index.php?rest_route=\/wp\/v2\/users\/2"}],"replies":[{"embeddable":true,"href":"https:\/\/maytemunoz.net\/index.php?rest_route=%2Fwp%2Fv2%2Fcomments&post=746"}],"version-history":[{"count":0,"href":"https:\/\/maytemunoz.net\/index.php?rest_route=\/wp\/v2\/posts\/746\/revisions"}],"wp:attachment":[{"href":"https:\/\/maytemunoz.net\/index.php?rest_route=%2Fwp%2Fv2%2Fmedia&parent=746"}],"wp:term":[{"taxonomy":"category","embeddable":true,"href":"https:\/\/maytemunoz.net\/index.php?rest_route=%2Fwp%2Fv2%2Fcategories&post=746"},{"taxonomy":"post_tag","embeddable":true,"href":"https:\/\/maytemunoz.net\/index.php?rest_route=%2Fwp%2Fv2%2Ftags&post=746"}],"curies":[{"name":"wp","href":"https:\/\/api.w.org\/{rel}","templated":true}]}}